{"id":1233,"date":"2024-10-09T14:27:10","date_gmt":"2024-10-09T14:27:10","guid":{"rendered":"https:\/\/www.blog.herdadedamatinha.com\/b\/?p=1233"},"modified":"2024-10-09T14:39:16","modified_gmt":"2024-10-09T14:39:16","slug":"a-floresta-autoctone-da-costa-alentejana","status":"publish","type":"post","link":"https:\/\/www.blog.herdadedamatinha.com\/b\/a-floresta-autoctone-da-costa-alentejana\/","title":{"rendered":"A Floresta Aut\u00f3ctone da Costa Alentejana"},"content":{"rendered":"\t\t<div data-elementor-type=\"wp-post\" data-elementor-id=\"1233\" class=\"elementor elementor-1233\" data-elementor-post-type=\"post\">\n\t\t\t\t\t\t<section class=\"elementor-section elementor-top-section elementor-element elementor-element-2417abd elementor-section-boxed elementor-section-height-default elementor-section-height-default\" data-id=\"2417abd\" data-element_type=\"section\">\n\t\t\t\t\t\t<div class=\"elementor-container elementor-column-gap-default\">\n\t\t\t\t\t<div class=\"elementor-column elementor-col-100 elementor-top-column elementor-element elementor-element-c739392\" data-id=\"c739392\" data-element_type=\"column\">\n\t\t\t<div class=\"elementor-widget-wrap elementor-element-populated\">\n\t\t\t\t\t\t<section class=\"elementor-section elementor-inner-section elementor-element elementor-element-90b4b3b elementor-section-boxed elementor-section-height-default elementor-section-height-default\" data-id=\"90b4b3b\" data-element_type=\"section\">\n\t\t\t\t\t\t<div class=\"elementor-container elementor-column-gap-default\">\n\t\t\t\t\t<div class=\"elementor-column elementor-col-100 elementor-inner-column elementor-element elementor-element-d7b5614\" data-id=\"d7b5614\" data-element_type=\"column\">\n\t\t\t<div class=\"elementor-widget-wrap elementor-element-populated\">\n\t\t\t\t\t\t<div class=\"elementor-element elementor-element-854f498 elementor-widget elementor-widget-text-editor\" data-id=\"854f498\" data-element_type=\"widget\" data-widget_type=\"text-editor.default\">\n\t\t\t\t<div class=\"elementor-widget-container\">\n\t\t\t\t\t\t\t\t\t<p>A Costa Alentejana, conhecida pelas suas praias selvagens e fal\u00e9sias dram\u00e1ticas, \u00e9 tamb\u00e9m lar de uma das mais importantes riquezas naturais do territ\u00f3rio portugu\u00eas: a floresta aut\u00f3ctone. Composta por esp\u00e9cies nativas, esta floresta desempenha um papel vital na preserva\u00e7\u00e3o dos ecossistemas locais e oferece ref\u00fagio para uma ampla diversidade de fauna e flora. Contudo, a import\u00e2ncia desta vegeta\u00e7\u00e3o vai muito al\u00e9m da paisagem, uma vez que contribui significativamente para a sustentabilidade ambiental e o combate \u00e0s altera\u00e7\u00f5es clim\u00e1ticas.<\/p>\t\t\t\t\t\t\t\t<\/div>\n\t\t\t\t<\/div>\n\t\t\t\t\t<\/div>\n\t\t<\/div>\n\t\t\t\t\t<\/div>\n\t\t<\/section>\n\t\t\t\t<section class=\"elementor-section elementor-inner-section elementor-element elementor-element-db4ab91 elementor-section-boxed elementor-section-height-default elementor-section-height-default\" data-id=\"db4ab91\" data-element_type=\"section\">\n\t\t\t\t\t\t<div class=\"elementor-container elementor-column-gap-default\">\n\t\t\t\t\t<div class=\"elementor-column elementor-col-100 elementor-inner-column elementor-element elementor-element-427e203\" data-id=\"427e203\" data-element_type=\"column\">\n\t\t\t<div class=\"elementor-widget-wrap elementor-element-populated\">\n\t\t\t\t\t\t<div class=\"elementor-element elementor-element-ec7f3ee elementor-widget elementor-widget-image\" data-id=\"ec7f3ee\" data-element_type=\"widget\" data-widget_type=\"image.default\">\n\t\t\t\t<div class=\"elementor-widget-container\">\n\t\t\t\t\t\t\t\t\t\t\t\t\t\t\t<img fetchpriority=\"high\" decoding=\"async\" width=\"1200\" height=\"1200\" src=\"https:\/\/www.blog.herdadedamatinha.com\/b\/wp-content\/uploads\/2024\/10\/floresta-Autoctone-da-Costa-Alentejana-min.jpg\" class=\"attachment-full size-full wp-image-1239\" alt=\"floresta Autoctone da Costa Alentejana\" srcset=\"https:\/\/www.blog.herdadedamatinha.com\/b\/wp-content\/uploads\/2024\/10\/floresta-Autoctone-da-Costa-Alentejana-min.jpg 1200w, https:\/\/www.blog.herdadedamatinha.com\/b\/wp-content\/uploads\/2024\/10\/floresta-Autoctone-da-Costa-Alentejana-min-300x300.jpg 300w, https:\/\/www.blog.herdadedamatinha.com\/b\/wp-content\/uploads\/2024\/10\/floresta-Autoctone-da-Costa-Alentejana-min-1024x1024.jpg 1024w, https:\/\/www.blog.herdadedamatinha.com\/b\/wp-content\/uploads\/2024\/10\/floresta-Autoctone-da-Costa-Alentejana-min-150x150.jpg 150w, https:\/\/www.blog.herdadedamatinha.com\/b\/wp-content\/uploads\/2024\/10\/floresta-Autoctone-da-Costa-Alentejana-min-768x768.jpg 768w\" sizes=\"(max-width: 1200px) 100vw, 1200px\" \/>\t\t\t\t\t\t\t\t\t\t\t\t\t\t\t<\/div>\n\t\t\t\t<\/div>\n\t\t\t\t\t<\/div>\n\t\t<\/div>\n\t\t\t\t\t<\/div>\n\t\t<\/section>\n\t\t\t\t<section class=\"elementor-section elementor-inner-section elementor-element elementor-element-e746809 elementor-section-boxed elementor-section-height-default elementor-section-height-default\" data-id=\"e746809\" data-element_type=\"section\">\n\t\t\t\t\t\t<div class=\"elementor-container elementor-column-gap-default\">\n\t\t\t\t\t<div class=\"elementor-column elementor-col-100 elementor-inner-column elementor-element elementor-element-564a7eb\" data-id=\"564a7eb\" data-element_type=\"column\">\n\t\t\t<div class=\"elementor-widget-wrap elementor-element-populated\">\n\t\t\t\t\t\t<div class=\"elementor-element elementor-element-7c1ecb9 elementor-widget elementor-widget-text-editor\" data-id=\"7c1ecb9\" data-element_type=\"widget\" data-widget_type=\"text-editor.default\">\n\t\t\t\t<div class=\"elementor-widget-container\">\n\t\t\t\t\t\t\t\t\t<h5>O Que \u00e9 uma Floresta Aut\u00f3ctone?<\/h5><p>Uma floresta aut\u00f3ctone \u00e9 composta por \u00e1rvores e plantas nativas de uma determinada regi\u00e3o, ou seja, que cresceram naturalmente naquele local ao longo de milhares de anos. Ao contr\u00e1rio das florestas plantadas com esp\u00e9cies ex\u00f3ticas, como os eucaliptos e pinheiros-bravos, que muitas vezes dominam as paisagens de Portugal, a floresta aut\u00f3ctone \u00e9 adaptada ao solo, clima e ecossistema local, e coexiste de forma harmoniosa com outras esp\u00e9cies da fauna e flora.<\/p><p>Na Costa Alentejana, a floresta aut\u00f3ctone \u00e9 dominada por esp\u00e9cies como o sobreiro, a azinheira, o medronheiro, e o carvalho-cerquinho, entre outras. Estas \u00e1rvores n\u00e3o s\u00f3 fornecem habitat para muitas esp\u00e9cies de animais e plantas, como tamb\u00e9m ajudam a manter os solos f\u00e9rteis e a regular o ciclo da \u00e1gua.<\/p>\t\t\t\t\t\t\t\t<\/div>\n\t\t\t\t<\/div>\n\t\t\t\t\t<\/div>\n\t\t<\/div>\n\t\t\t\t\t<\/div>\n\t\t<\/section>\n\t\t\t\t<section class=\"elementor-section elementor-inner-section elementor-element elementor-element-089ed44 elementor-section-boxed elementor-section-height-default elementor-section-height-default\" data-id=\"089ed44\" data-element_type=\"section\">\n\t\t\t\t\t\t<div class=\"elementor-container elementor-column-gap-default\">\n\t\t\t\t\t<div class=\"elementor-column elementor-col-100 elementor-inner-column elementor-element elementor-element-f674410\" data-id=\"f674410\" data-element_type=\"column\">\n\t\t\t<div class=\"elementor-widget-wrap elementor-element-populated\">\n\t\t\t\t\t\t<div class=\"elementor-element elementor-element-9c4e30c elementor-widget elementor-widget-image\" data-id=\"9c4e30c\" data-element_type=\"widget\" data-widget_type=\"image.default\">\n\t\t\t\t<div class=\"elementor-widget-container\">\n\t\t\t\t\t\t\t\t\t\t\t\t\t\t\t<img decoding=\"async\" width=\"1300\" height=\"1300\" src=\"https:\/\/www.blog.herdadedamatinha.com\/b\/wp-content\/uploads\/2024\/10\/floresta-alentejo-min.jpg\" class=\"attachment-full size-full wp-image-1241\" alt=\"floresta alentejo\" srcset=\"https:\/\/www.blog.herdadedamatinha.com\/b\/wp-content\/uploads\/2024\/10\/floresta-alentejo-min.jpg 1300w, https:\/\/www.blog.herdadedamatinha.com\/b\/wp-content\/uploads\/2024\/10\/floresta-alentejo-min-300x300.jpg 300w, https:\/\/www.blog.herdadedamatinha.com\/b\/wp-content\/uploads\/2024\/10\/floresta-alentejo-min-1024x1024.jpg 1024w, https:\/\/www.blog.herdadedamatinha.com\/b\/wp-content\/uploads\/2024\/10\/floresta-alentejo-min-150x150.jpg 150w, https:\/\/www.blog.herdadedamatinha.com\/b\/wp-content\/uploads\/2024\/10\/floresta-alentejo-min-768x768.jpg 768w\" sizes=\"(max-width: 1300px) 100vw, 1300px\" \/>\t\t\t\t\t\t\t\t\t\t\t\t\t\t\t<\/div>\n\t\t\t\t<\/div>\n\t\t\t\t<div class=\"elementor-element elementor-element-63ef021 elementor-widget elementor-widget-text-editor\" data-id=\"63ef021\" data-element_type=\"widget\" data-widget_type=\"text-editor.default\">\n\t\t\t\t<div class=\"elementor-widget-container\">\n\t\t\t\t\t\t\t\t\t<h5>As Principais Esp\u00e9cies da Floresta Aut\u00f3ctone<\/h5><ul><li><p><strong>Sobreiro (Quercus suber):<\/strong> Uma das \u00e1rvores mais ic\u00f3nicas da regi\u00e3o, o sobreiro \u00e9 conhecido pela produ\u00e7\u00e3o de corti\u00e7a, um dos produtos mais valiosos de Portugal. A sua casca espessa n\u00e3o s\u00f3 protege a \u00e1rvore contra os inc\u00eandios, como tamb\u00e9m desempenha um papel crucial na economia local. Os sobreiros podem viver por centenas de anos e s\u00e3o um pilar fundamental para o ecossistema, providenciando sombra e alimento para v\u00e1rias esp\u00e9cies de animais.<\/p><\/li><li><p><strong>Azinheira (Quercus ilex):<\/strong> Outra esp\u00e9cie t\u00edpica da floresta mediterr\u00e2nica, a azinheira \u00e9 extremamente resistente \u00e0 seca, uma caracter\u00edstica vital num clima t\u00e3o quente como o da Costa Alentejana. As suas bolotas s\u00e3o uma fonte de alimento para animais como o javali e o veado, e a sua copa oferece abrigo a in\u00fameras aves.<\/p><\/li><li><p><strong>Medronheiro (Arbutus unedo):<\/strong> Conhecido pelos seus frutos vermelhos, que s\u00e3o usados na produ\u00e7\u00e3o de aguardente de medronho, o medronheiro \u00e9 uma \u00e1rvore resistente, com grande import\u00e2ncia ecol\u00f3gica. As suas flores fornecem n\u00e9ctar para abelhas e outros insetos polinizadores, sendo uma parte essencial do ecossistema florestal.<\/p><\/li><li><p><strong>Carvalho-cerquinho (Quercus faginea):<\/strong> Embora menos comum, o carvalho-cerquinho \u00e9 uma \u00e1rvore aut\u00f3ctone que cresce em zonas mais h\u00famidas da Costa Alentejana. A sua madeira \u00e9 resistente e era tradicionalmente usada em constru\u00e7\u00f5es e mobili\u00e1rio.<\/p><\/li><\/ul>\t\t\t\t\t\t\t\t<\/div>\n\t\t\t\t<\/div>\n\t\t\t\t<div class=\"elementor-element elementor-element-d794464 elementor-widget elementor-widget-text-editor\" data-id=\"d794464\" data-element_type=\"widget\" data-widget_type=\"text-editor.default\">\n\t\t\t\t<div class=\"elementor-widget-container\">\n\t\t\t\t\t\t\t\t\t<h5>A Import\u00e2ncia Ecol\u00f3gica da Floresta Aut\u00f3ctone<\/h5><p>A floresta aut\u00f3ctone desempenha um papel crucial na sustentabilidade do ambiente, sendo essencial para a preserva\u00e7\u00e3o da biodiversidade. As \u00e1rvores e plantas nativas criam o ambiente ideal para in\u00fameras esp\u00e9cies de animais, incluindo aves, mam\u00edferos e insetos, que dependem destas florestas para sobreviver. Al\u00e9m disso, a diversidade de esp\u00e9cies vegetais ajuda a criar um ecossistema resiliente, que se adapta melhor a varia\u00e7\u00f5es clim\u00e1ticas e \u00e9 mais resistente a pragas e doen\u00e7as.<\/p><p>A floresta aut\u00f3ctone tamb\u00e9m desempenha um papel importante na mitiga\u00e7\u00e3o das altera\u00e7\u00f5es clim\u00e1ticas. As \u00e1rvores capturam di\u00f3xido de carbono da atmosfera, ajudando a reduzir os n\u00edveis de gases com efeito de estufa, e os seus sistemas de ra\u00edzes profundos ajudam a estabilizar os solos, prevenindo a eros\u00e3o.<\/p>\t\t\t\t\t\t\t\t<\/div>\n\t\t\t\t<\/div>\n\t\t\t\t<div class=\"elementor-element elementor-element-4f2efe1 elementor-widget elementor-widget-image\" data-id=\"4f2efe1\" data-element_type=\"widget\" data-widget_type=\"image.default\">\n\t\t\t\t<div class=\"elementor-widget-container\">\n\t\t\t\t\t\t\t\t\t\t\t\t\t\t\t<img decoding=\"async\" width=\"1300\" height=\"1300\" src=\"https:\/\/www.blog.herdadedamatinha.com\/b\/wp-content\/uploads\/2024\/10\/floresta-da-matinha-min.jpg\" class=\"attachment-full size-full wp-image-1243\" alt=\"\" srcset=\"https:\/\/www.blog.herdadedamatinha.com\/b\/wp-content\/uploads\/2024\/10\/floresta-da-matinha-min.jpg 1300w, https:\/\/www.blog.herdadedamatinha.com\/b\/wp-content\/uploads\/2024\/10\/floresta-da-matinha-min-300x300.jpg 300w, https:\/\/www.blog.herdadedamatinha.com\/b\/wp-content\/uploads\/2024\/10\/floresta-da-matinha-min-1024x1024.jpg 1024w, https:\/\/www.blog.herdadedamatinha.com\/b\/wp-content\/uploads\/2024\/10\/floresta-da-matinha-min-150x150.jpg 150w, https:\/\/www.blog.herdadedamatinha.com\/b\/wp-content\/uploads\/2024\/10\/floresta-da-matinha-min-768x768.jpg 768w\" sizes=\"(max-width: 1300px) 100vw, 1300px\" \/>\t\t\t\t\t\t\t\t\t\t\t\t\t\t\t<\/div>\n\t\t\t\t<\/div>\n\t\t\t\t<div class=\"elementor-element elementor-element-8748c83 elementor-widget elementor-widget-text-editor\" data-id=\"8748c83\" data-element_type=\"widget\" data-widget_type=\"text-editor.default\">\n\t\t\t\t<div class=\"elementor-widget-container\">\n\t\t\t\t\t\t\t\t\t<h5>Desafios e Amea\u00e7as \u00e0 Floresta Aut\u00f3ctone<\/h5><p>Apesar da sua import\u00e2ncia, a floresta aut\u00f3ctone da Costa Alentejana enfrenta diversas amea\u00e7as. A expans\u00e3o da agricultura intensiva, especialmente de monoculturas de eucaliptos e pinheiros, tem vindo a reduzir as \u00e1reas de floresta nativa. Estas planta\u00e7\u00f5es de esp\u00e9cies ex\u00f3ticas, al\u00e9m de contribu\u00edrem para a perda de biodiversidade, aumentam o risco de inc\u00eandios florestais, pois estas \u00e1rvores s\u00e3o altamente inflam\u00e1veis e crescem de forma descontrolada.<\/p><p>Outro problema \u00e9 o abandono das pr\u00e1ticas agr\u00edcolas tradicionais. No passado, a gest\u00e3o sustent\u00e1vel das florestas, atrav\u00e9s de pastoreio controlado e da extra\u00e7\u00e3o de corti\u00e7a e madeira de forma respons\u00e1vel, ajudava a manter a sa\u00fade dos ecossistemas. Com o abandono destas pr\u00e1ticas, muitas florestas aut\u00f3ctones tornaram-se mais suscet\u00edveis a pragas e doen\u00e7as.<\/p>\t\t\t\t\t\t\t\t<\/div>\n\t\t\t\t<\/div>\n\t\t\t\t<div class=\"elementor-element elementor-element-9ac4d2d elementor-widget elementor-widget-text-editor\" data-id=\"9ac4d2d\" data-element_type=\"widget\" data-widget_type=\"text-editor.default\">\n\t\t\t\t<div class=\"elementor-widget-container\">\n\t\t\t\t\t\t\t\t\t<h5>A Preserva\u00e7\u00e3o do Futuro<\/h5>\nFelizmente, existem esfor\u00e7os para proteger e restaurar as florestas aut\u00f3ctones da Costa Alentejana. Diversas iniciativas p\u00fablicas e privadas t\u00eam promovido a refloresta\u00e7\u00e3o com esp\u00e9cies nativas, bem como a sensibiliza\u00e7\u00e3o para a import\u00e2ncia de preservar a biodiversidade. Programas como o \u201cMontado de Sobro e Azinho\u201d visam proteger estas paisagens \u00fanicas, que s\u00e3o fundamentais para a sustentabilidade ambiental da regi\u00e3o.\t\t\t\t\t\t\t\t<\/div>\n\t\t\t\t<\/div>\n\t\t\t\t<div class=\"elementor-element elementor-element-fb74a02 elementor-widget elementor-widget-text-editor\" data-id=\"fb74a02\" data-element_type=\"widget\" data-widget_type=\"text-editor.default\">\n\t\t\t\t<div class=\"elementor-widget-container\">\n\t\t\t\t\t\t\t\t\t<h5>Conclus\u00e3o<\/h5>\nA floresta aut\u00f3ctone da Costa Alentejana \u00e9 um verdadeiro tesouro natural, cujo valor vai muito al\u00e9m da sua beleza. Como parte integral do ecossistema, desempenha um papel vital na preserva\u00e7\u00e3o da biodiversidade, na prote\u00e7\u00e3o dos solos e na mitiga\u00e7\u00e3o das altera\u00e7\u00f5es clim\u00e1ticas. Preservar estas florestas e restaurar as \u00e1reas degradadas \u00e9 essencial para garantir que as gera\u00e7\u00f5es futuras possam continuar a desfrutar deste patrim\u00f3nio natural \u00fanico de Portugal.\t\t\t\t\t\t\t\t<\/div>\n\t\t\t\t<\/div>\n\t\t\t\t\t<\/div>\n\t\t<\/div>\n\t\t\t\t\t<\/div>\n\t\t<\/section>\n\t\t\t\t\t<\/div>\n\t\t<\/div>\n\t\t\t\t\t<\/div>\n\t\t<\/section>\n\t\t\t\t<\/div>\n\t\t","protected":false},"excerpt":{"rendered":"<p>A Costa Alentejana, conhecida pelas suas praias selvagens e fal\u00e9sias dram\u00e1ticas, \u00e9 tamb\u00e9m lar de uma das mais importantes riquezas naturais do territ\u00f3rio portugu\u00eas: a floresta aut\u00f3ctone. Composta por esp\u00e9cies nativas, esta floresta desempenha um papel vital na preserva\u00e7\u00e3o dos ecossistemas locais e oferece ref\u00fagio para uma ampla diversidade de fauna e flora. Contudo, a [&hellip;]<\/p>\n","protected":false},"author":1,"featured_media":1235,"comment_status":"open","ping_status":"open","sticky":false,"template":"","format":"standard","meta":{"footnotes":""},"categories":[10,8],"tags":[],"class_list":["post-1233","post","type-post","status-publish","format-standard","has-post-thumbnail","hentry","category-o-que-visitar-por-perto","category-sobre-a-matinha"],"yoast_head":"<!-- This site is optimized with the Yoast SEO plugin v24.4 - https:\/\/yoast.com\/wordpress\/plugins\/seo\/ -->\n<title>A Floresta Aut\u00f3ctone da Costa Alentejana - Blogue Herdade da Matinha<\/title>\n<meta name=\"robots\" content=\"index, follow, max-snippet:-1, max-image-preview:large, max-video-preview:-1\" \/>\n<link rel=\"canonical\" href=\"https:\/\/www.blog.herdadedamatinha.com\/b\/a-floresta-autoctone-da-costa-alentejana\/\" \/>\n<meta property=\"og:locale\" content=\"pt_PT\" \/>\n<meta property=\"og:type\" content=\"article\" \/>\n<meta property=\"og:title\" content=\"A Floresta Aut\u00f3ctone da Costa Alentejana - Blogue Herdade da Matinha\" \/>\n<meta property=\"og:description\" content=\"A Costa Alentejana, conhecida pelas suas praias selvagens e fal\u00e9sias dram\u00e1ticas, \u00e9 tamb\u00e9m lar de uma das mais importantes riquezas naturais do territ\u00f3rio portugu\u00eas: a floresta aut\u00f3ctone. Composta por esp\u00e9cies nativas, esta floresta desempenha um papel vital na preserva\u00e7\u00e3o dos ecossistemas locais e oferece ref\u00fagio para uma ampla diversidade de fauna e flora. Contudo, a [&hellip;]\" \/>\n<meta property=\"og:url\" content=\"https:\/\/www.blog.herdadedamatinha.com\/b\/a-floresta-autoctone-da-costa-alentejana\/\" \/>\n<meta property=\"og:site_name\" content=\"Blogue Herdade da Matinha\" \/>\n<meta property=\"article:published_time\" content=\"2024-10-09T14:27:10+00:00\" \/>\n<meta property=\"article:modified_time\" content=\"2024-10-09T14:39:16+00:00\" \/>\n<meta property=\"og:image\" content=\"https:\/\/www.blog.herdadedamatinha.com\/b\/wp-content\/uploads\/2024\/10\/floresta-costa-alentejana-min.jpg\" \/>\n\t<meta property=\"og:image:width\" content=\"1300\" \/>\n\t<meta property=\"og:image:height\" content=\"975\" \/>\n\t<meta property=\"og:image:type\" content=\"image\/jpeg\" \/>\n<meta name=\"author\" content=\"fred\" \/>\n<meta name=\"twitter:card\" content=\"summary_large_image\" \/>\n<meta name=\"twitter:label1\" content=\"Escrito por\" \/>\n\t<meta name=\"twitter:data1\" content=\"fred\" \/>\n\t<meta name=\"twitter:label2\" content=\"Tempo estimado de leitura\" \/>\n\t<meta name=\"twitter:data2\" content=\"5 minutos\" \/>\n<script type=\"application\/ld+json\" class=\"yoast-schema-graph\">{\"@context\":\"https:\/\/schema.org\",\"@graph\":[{\"@type\":\"WebPage\",\"@id\":\"https:\/\/www.blog.herdadedamatinha.com\/b\/a-floresta-autoctone-da-costa-alentejana\/\",\"url\":\"https:\/\/www.blog.herdadedamatinha.com\/b\/a-floresta-autoctone-da-costa-alentejana\/\",\"name\":\"A Floresta Aut\u00f3ctone da Costa Alentejana - Blogue Herdade da Matinha\",\"isPartOf\":{\"@id\":\"https:\/\/www.blog.herdadedamatinha.com\/b\/#website\"},\"primaryImageOfPage\":{\"@id\":\"https:\/\/www.blog.herdadedamatinha.com\/b\/a-floresta-autoctone-da-costa-alentejana\/#primaryimage\"},\"image\":{\"@id\":\"https:\/\/www.blog.herdadedamatinha.com\/b\/a-floresta-autoctone-da-costa-alentejana\/#primaryimage\"},\"thumbnailUrl\":\"https:\/\/www.blog.herdadedamatinha.com\/b\/wp-content\/uploads\/2024\/10\/floresta-costa-alentejana-min.jpg\",\"datePublished\":\"2024-10-09T14:27:10+00:00\",\"dateModified\":\"2024-10-09T14:39:16+00:00\",\"author\":{\"@id\":\"https:\/\/www.blog.herdadedamatinha.com\/b\/#\/schema\/person\/43c3ec6ce1f6c48b5153495f401caf79\"},\"breadcrumb\":{\"@id\":\"https:\/\/www.blog.herdadedamatinha.com\/b\/a-floresta-autoctone-da-costa-alentejana\/#breadcrumb\"},\"inLanguage\":\"pt-PT\",\"potentialAction\":[{\"@type\":\"ReadAction\",\"target\":[\"https:\/\/www.blog.herdadedamatinha.com\/b\/a-floresta-autoctone-da-costa-alentejana\/\"]}]},{\"@type\":\"ImageObject\",\"inLanguage\":\"pt-PT\",\"@id\":\"https:\/\/www.blog.herdadedamatinha.com\/b\/a-floresta-autoctone-da-costa-alentejana\/#primaryimage\",\"url\":\"https:\/\/www.blog.herdadedamatinha.com\/b\/wp-content\/uploads\/2024\/10\/floresta-costa-alentejana-min.jpg\",\"contentUrl\":\"https:\/\/www.blog.herdadedamatinha.com\/b\/wp-content\/uploads\/2024\/10\/floresta-costa-alentejana-min.jpg\",\"width\":1300,\"height\":975,\"caption\":\"floresta costa alentejana\"},{\"@type\":\"BreadcrumbList\",\"@id\":\"https:\/\/www.blog.herdadedamatinha.com\/b\/a-floresta-autoctone-da-costa-alentejana\/#breadcrumb\",\"itemListElement\":[{\"@type\":\"ListItem\",\"position\":1,\"name\":\"In\u00edcio\",\"item\":\"https:\/\/www.blog.herdadedamatinha.com\/b\/\"},{\"@type\":\"ListItem\",\"position\":2,\"name\":\"A Floresta Aut\u00f3ctone da Costa Alentejana\"}]},{\"@type\":\"WebSite\",\"@id\":\"https:\/\/www.blog.herdadedamatinha.com\/b\/#website\",\"url\":\"https:\/\/www.blog.herdadedamatinha.com\/b\/\",\"name\":\"Blogue Herdade da Matinha\",\"description\":\"Descubra a Costa Alentejana\",\"potentialAction\":[{\"@type\":\"SearchAction\",\"target\":{\"@type\":\"EntryPoint\",\"urlTemplate\":\"https:\/\/www.blog.herdadedamatinha.com\/b\/?s={search_term_string}\"},\"query-input\":{\"@type\":\"PropertyValueSpecification\",\"valueRequired\":true,\"valueName\":\"search_term_string\"}}],\"inLanguage\":\"pt-PT\"},{\"@type\":\"Person\",\"@id\":\"https:\/\/www.blog.herdadedamatinha.com\/b\/#\/schema\/person\/43c3ec6ce1f6c48b5153495f401caf79\",\"name\":\"fred\",\"image\":{\"@type\":\"ImageObject\",\"inLanguage\":\"pt-PT\",\"@id\":\"https:\/\/www.blog.herdadedamatinha.com\/b\/#\/schema\/person\/image\/\",\"url\":\"https:\/\/secure.gravatar.com\/avatar\/4d06ef453e73cf5edddcbb6bf454d99bfa7bf71e9b247f61a2aa7ff6e52f4f5a?s=96&d=mm&r=g\",\"contentUrl\":\"https:\/\/secure.gravatar.com\/avatar\/4d06ef453e73cf5edddcbb6bf454d99bfa7bf71e9b247f61a2aa7ff6e52f4f5a?s=96&d=mm&r=g\",\"caption\":\"fred\"},\"sameAs\":[\"https:\/\/www.blog.herdadedamatinha.com\/b\"],\"url\":\"https:\/\/www.blog.herdadedamatinha.com\/b\/author\/fred\/\"}]}<\/script>\n<!-- \/ Yoast SEO plugin. -->","yoast_head_json":{"title":"A Floresta Aut\u00f3ctone da Costa Alentejana - Blogue Herdade da Matinha","robots":{"index":"index","follow":"follow","max-snippet":"max-snippet:-1","max-image-preview":"max-image-preview:large","max-video-preview":"max-video-preview:-1"},"canonical":"https:\/\/www.blog.herdadedamatinha.com\/b\/a-floresta-autoctone-da-costa-alentejana\/","og_locale":"pt_PT","og_type":"article","og_title":"A Floresta Aut\u00f3ctone da Costa Alentejana - Blogue Herdade da Matinha","og_description":"A Costa Alentejana, conhecida pelas suas praias selvagens e fal\u00e9sias dram\u00e1ticas, \u00e9 tamb\u00e9m lar de uma das mais importantes riquezas naturais do territ\u00f3rio portugu\u00eas: a floresta aut\u00f3ctone. Composta por esp\u00e9cies nativas, esta floresta desempenha um papel vital na preserva\u00e7\u00e3o dos ecossistemas locais e oferece ref\u00fagio para uma ampla diversidade de fauna e flora. Contudo, a [&hellip;]","og_url":"https:\/\/www.blog.herdadedamatinha.com\/b\/a-floresta-autoctone-da-costa-alentejana\/","og_site_name":"Blogue Herdade da Matinha","article_published_time":"2024-10-09T14:27:10+00:00","article_modified_time":"2024-10-09T14:39:16+00:00","og_image":[{"width":1300,"height":975,"url":"https:\/\/www.blog.herdadedamatinha.com\/b\/wp-content\/uploads\/2024\/10\/floresta-costa-alentejana-min.jpg","type":"image\/jpeg"}],"author":"fred","twitter_card":"summary_large_image","twitter_misc":{"Escrito por":"fred","Tempo estimado de leitura":"5 minutos"},"schema":{"@context":"https:\/\/schema.org","@graph":[{"@type":"WebPage","@id":"https:\/\/www.blog.herdadedamatinha.com\/b\/a-floresta-autoctone-da-costa-alentejana\/","url":"https:\/\/www.blog.herdadedamatinha.com\/b\/a-floresta-autoctone-da-costa-alentejana\/","name":"A Floresta Aut\u00f3ctone da Costa Alentejana - Blogue Herdade da Matinha","isPartOf":{"@id":"https:\/\/www.blog.herdadedamatinha.com\/b\/#website"},"primaryImageOfPage":{"@id":"https:\/\/www.blog.herdadedamatinha.com\/b\/a-floresta-autoctone-da-costa-alentejana\/#primaryimage"},"image":{"@id":"https:\/\/www.blog.herdadedamatinha.com\/b\/a-floresta-autoctone-da-costa-alentejana\/#primaryimage"},"thumbnailUrl":"https:\/\/www.blog.herdadedamatinha.com\/b\/wp-content\/uploads\/2024\/10\/floresta-costa-alentejana-min.jpg","datePublished":"2024-10-09T14:27:10+00:00","dateModified":"2024-10-09T14:39:16+00:00","author":{"@id":"https:\/\/www.blog.herdadedamatinha.com\/b\/#\/schema\/person\/43c3ec6ce1f6c48b5153495f401caf79"},"breadcrumb":{"@id":"https:\/\/www.blog.herdadedamatinha.com\/b\/a-floresta-autoctone-da-costa-alentejana\/#breadcrumb"},"inLanguage":"pt-PT","potentialAction":[{"@type":"ReadAction","target":["https:\/\/www.blog.herdadedamatinha.com\/b\/a-floresta-autoctone-da-costa-alentejana\/"]}]},{"@type":"ImageObject","inLanguage":"pt-PT","@id":"https:\/\/www.blog.herdadedamatinha.com\/b\/a-floresta-autoctone-da-costa-alentejana\/#primaryimage","url":"https:\/\/www.blog.herdadedamatinha.com\/b\/wp-content\/uploads\/2024\/10\/floresta-costa-alentejana-min.jpg","contentUrl":"https:\/\/www.blog.herdadedamatinha.com\/b\/wp-content\/uploads\/2024\/10\/floresta-costa-alentejana-min.jpg","width":1300,"height":975,"caption":"floresta costa alentejana"},{"@type":"BreadcrumbList","@id":"https:\/\/www.blog.herdadedamatinha.com\/b\/a-floresta-autoctone-da-costa-alentejana\/#breadcrumb","itemListElement":[{"@type":"ListItem","position":1,"name":"In\u00edcio","item":"https:\/\/www.blog.herdadedamatinha.com\/b\/"},{"@type":"ListItem","position":2,"name":"A Floresta Aut\u00f3ctone da Costa Alentejana"}]},{"@type":"WebSite","@id":"https:\/\/www.blog.herdadedamatinha.com\/b\/#website","url":"https:\/\/www.blog.herdadedamatinha.com\/b\/","name":"Blogue Herdade da Matinha","description":"Descubra a Costa Alentejana","potentialAction":[{"@type":"SearchAction","target":{"@type":"EntryPoint","urlTemplate":"https:\/\/www.blog.herdadedamatinha.com\/b\/?s={search_term_string}"},"query-input":{"@type":"PropertyValueSpecification","valueRequired":true,"valueName":"search_term_string"}}],"inLanguage":"pt-PT"},{"@type":"Person","@id":"https:\/\/www.blog.herdadedamatinha.com\/b\/#\/schema\/person\/43c3ec6ce1f6c48b5153495f401caf79","name":"fred","image":{"@type":"ImageObject","inLanguage":"pt-PT","@id":"https:\/\/www.blog.herdadedamatinha.com\/b\/#\/schema\/person\/image\/","url":"https:\/\/secure.gravatar.com\/avatar\/4d06ef453e73cf5edddcbb6bf454d99bfa7bf71e9b247f61a2aa7ff6e52f4f5a?s=96&d=mm&r=g","contentUrl":"https:\/\/secure.gravatar.com\/avatar\/4d06ef453e73cf5edddcbb6bf454d99bfa7bf71e9b247f61a2aa7ff6e52f4f5a?s=96&d=mm&r=g","caption":"fred"},"sameAs":["https:\/\/www.blog.herdadedamatinha.com\/b"],"url":"https:\/\/www.blog.herdadedamatinha.com\/b\/author\/fred\/"}]}},"_links":{"self":[{"href":"https:\/\/www.blog.herdadedamatinha.com\/b\/wp-json\/wp\/v2\/posts\/1233","targetHints":{"allow":["GET"]}}],"collection":[{"href":"https:\/\/www.blog.herdadedamatinha.com\/b\/wp-json\/wp\/v2\/posts"}],"about":[{"href":"https:\/\/www.blog.herdadedamatinha.com\/b\/wp-json\/wp\/v2\/types\/post"}],"author":[{"embeddable":true,"href":"https:\/\/www.blog.herdadedamatinha.com\/b\/wp-json\/wp\/v2\/users\/1"}],"replies":[{"embeddable":true,"href":"https:\/\/www.blog.herdadedamatinha.com\/b\/wp-json\/wp\/v2\/comments?post=1233"}],"version-history":[{"count":4,"href":"https:\/\/www.blog.herdadedamatinha.com\/b\/wp-json\/wp\/v2\/posts\/1233\/revisions"}],"predecessor-version":[{"id":1247,"href":"https:\/\/www.blog.herdadedamatinha.com\/b\/wp-json\/wp\/v2\/posts\/1233\/revisions\/1247"}],"wp:featuredmedia":[{"embeddable":true,"href":"https:\/\/www.blog.herdadedamatinha.com\/b\/wp-json\/wp\/v2\/media\/1235"}],"wp:attachment":[{"href":"https:\/\/www.blog.herdadedamatinha.com\/b\/wp-json\/wp\/v2\/media?parent=1233"}],"wp:term":[{"taxonomy":"category","embeddable":true,"href":"https:\/\/www.blog.herdadedamatinha.com\/b\/wp-json\/wp\/v2\/categories?post=1233"},{"taxonomy":"post_tag","embeddable":true,"href":"https:\/\/www.blog.herdadedamatinha.com\/b\/wp-json\/wp\/v2\/tags?post=1233"}],"curies":[{"name":"wp","href":"https:\/\/api.w.org\/{rel}","templated":true}]}}