{"id":1343,"date":"2025-04-04T10:29:38","date_gmt":"2025-04-04T10:29:38","guid":{"rendered":"https:\/\/www.blog.herdadedamatinha.com\/b\/?p=1343"},"modified":"2025-04-04T10:41:12","modified_gmt":"2025-04-04T10:41:12","slug":"arte-e-tradicao-o-artesanato-local-da-costa-vicentina-e-onde-encontra-lo","status":"publish","type":"post","link":"https:\/\/www.blog.herdadedamatinha.com\/b\/arte-e-tradicao-o-artesanato-local-da-costa-vicentina-e-onde-encontra-lo\/","title":{"rendered":"Arte e Tradi\u00e7\u00e3o: O Artesanato Local da Costa Vicentina e Onde Encontr\u00e1-lo"},"content":{"rendered":"\t\t<div data-elementor-type=\"wp-post\" data-elementor-id=\"1343\" class=\"elementor elementor-1343\" data-elementor-post-type=\"post\">\n\t\t\t\t\t\t<section class=\"elementor-section elementor-top-section elementor-element elementor-element-03dc182 elementor-section-boxed elementor-section-height-default elementor-section-height-default\" data-id=\"03dc182\" data-element_type=\"section\">\n\t\t\t\t\t\t<div class=\"elementor-container elementor-column-gap-default\">\n\t\t\t\t\t<div class=\"elementor-column elementor-col-100 elementor-top-column elementor-element elementor-element-f20895b\" data-id=\"f20895b\" data-element_type=\"column\">\n\t\t\t<div class=\"elementor-widget-wrap elementor-element-populated\">\n\t\t\t\t\t\t<section class=\"elementor-section elementor-inner-section elementor-element elementor-element-54bc4b4 elementor-section-boxed elementor-section-height-default elementor-section-height-default\" data-id=\"54bc4b4\" data-element_type=\"section\">\n\t\t\t\t\t\t<div class=\"elementor-container elementor-column-gap-default\">\n\t\t\t\t\t<div class=\"elementor-column elementor-col-100 elementor-inner-column elementor-element elementor-element-ec35d29\" data-id=\"ec35d29\" data-element_type=\"column\">\n\t\t\t<div class=\"elementor-widget-wrap elementor-element-populated\">\n\t\t\t\t\t\t<div class=\"elementor-element elementor-element-d28f76d elementor-widget elementor-widget-text-editor\" data-id=\"d28f76d\" data-element_type=\"widget\" data-widget_type=\"text-editor.default\">\n\t\t\t\t<div class=\"elementor-widget-container\">\n\t\t\t\t\t\t\t\t\t<p class=\"\" data-start=\"79\" data-end=\"393\">Na Costa Vicentina, onde a natureza dita o ritmo dos dias e o mar sussurra hist\u00f3rias antigas, a arte nasce das m\u00e3os de quem vive em sintonia com o lugar. O artesanato local \u00e9 reflexo dessa rela\u00e7\u00e3o profunda entre o ser humano e o territ\u00f3rio \u2014 uma heran\u00e7a que atravessa gera\u00e7\u00f5es, moldada com paci\u00eancia, saber e alma.<\/p><p class=\"\" data-start=\"395\" data-end=\"735\">Aqui, a tradi\u00e7\u00e3o n\u00e3o \u00e9 passado. \u00c9 presente vivo, reinventado em pe\u00e7as \u00fanicas que guardam mem\u00f3rias, aromas, cores e texturas do Alentejo e do litoral sul de Portugal. E cada objecto artesanal \u00e9 mais do que uma pe\u00e7a decorativa: \u00e9 uma celebra\u00e7\u00e3o da identidade da regi\u00e3o, da simplicidade bela das coisas feitas \u00e0 m\u00e3o, com tempo e com prop\u00f3sito.<\/p>\t\t\t\t\t\t\t\t<\/div>\n\t\t\t\t<\/div>\n\t\t\t\t\t<\/div>\n\t\t<\/div>\n\t\t\t\t\t<\/div>\n\t\t<\/section>\n\t\t\t\t<section class=\"elementor-section elementor-inner-section elementor-element elementor-element-f3ed339 elementor-section-boxed elementor-section-height-default elementor-section-height-default\" data-id=\"f3ed339\" data-element_type=\"section\">\n\t\t\t\t\t\t<div class=\"elementor-container elementor-column-gap-default\">\n\t\t\t\t\t<div class=\"elementor-column elementor-col-100 elementor-inner-column elementor-element elementor-element-743df8a\" data-id=\"743df8a\" data-element_type=\"column\">\n\t\t\t<div class=\"elementor-widget-wrap elementor-element-populated\">\n\t\t\t\t\t\t<div class=\"elementor-element elementor-element-2975235 elementor-widget elementor-widget-text-editor\" data-id=\"2975235\" data-element_type=\"widget\" data-widget_type=\"text-editor.default\">\n\t\t\t\t<div class=\"elementor-widget-container\">\n\t\t\t\t\t\t\t\t\t<h5>As M\u00e3os que Criam: Materiais e T\u00e9cnicas com Hist\u00f3ria<\/h5><p class=\"\" data-start=\"799\" data-end=\"1046\">O artesanato da Costa Vicentina \u00e9 profundamente ligado aos recursos naturais da regi\u00e3o. A corti\u00e7a, o barro, a l\u00e3, o junco e a madeira s\u00e3o alguns dos materiais mais utilizados, trabalhados com t\u00e9cnicas tradicionais que resistem \u00e0 passagem do tempo.<\/p><ul data-start=\"1048\" data-end=\"2097\"><li class=\"\" data-start=\"1048\" data-end=\"1292\"><p class=\"\" data-start=\"1050\" data-end=\"1292\"><strong data-start=\"1050\" data-end=\"1079\">Cestaria em junco e palma<\/strong>: Uma arte ancestral, passada de pais para filhos, que d\u00e1 forma a cestos, esteiras, chap\u00e9us e malas. Feitos com fibras naturais colhidas nos campos e ribeiras da regi\u00e3o, s\u00e3o pe\u00e7as resistentes e cheias de car\u00e1cter.<\/p><\/li><li class=\"\" data-start=\"1294\" data-end=\"1566\"><p class=\"\" data-start=\"1296\" data-end=\"1566\"><strong data-start=\"1296\" data-end=\"1320\">Cer\u00e2mica tradicional<\/strong>: Com cores terrosas e motivos inspirados na fauna e flora locais, as pe\u00e7as de barro contam hist\u00f3rias do quotidiano e dos ciclos da terra. S\u00e3o comuns os potes, pratos e azulejos pintados \u00e0 m\u00e3o, cada um com pequenas varia\u00e7\u00f5es que os tornam \u00fanicos.<\/p><\/li><li class=\"\" data-start=\"1568\" data-end=\"1834\"><p class=\"\" data-start=\"1570\" data-end=\"1834\"><strong data-start=\"1570\" data-end=\"1593\">Tecelagem artesanal<\/strong>: A l\u00e3 das ovelhas alentejanas transforma-se em mantas e tapetes r\u00fasticos, tecidos em teares antigos. As cores, muitas vezes naturais ou tingidas com pigmentos locais, evocam as tonalidades da paisagem \u2014 do dourado das searas ao azul do mar.<\/p><\/li><li class=\"\" data-start=\"1836\" data-end=\"2097\"><p class=\"\" data-start=\"1838\" data-end=\"2097\"><strong data-start=\"1838\" data-end=\"1860\">Corti\u00e7a trabalhada<\/strong>: O sobreiro \u00e9 rei no Alentejo, e a corti\u00e7a, que se retira com respeito e saber, \u00e9 transformada em pe\u00e7as utilit\u00e1rias e criativas: bolsas, chap\u00e9us, bases para panelas, at\u00e9 joalharia. Uma mat\u00e9ria nobre, ecol\u00f3gica e inteiramente portuguesa.<\/p><\/li><\/ul>\t\t\t\t\t\t\t\t<\/div>\n\t\t\t\t<\/div>\n\t\t\t\t\t<\/div>\n\t\t<\/div>\n\t\t\t\t\t<\/div>\n\t\t<\/section>\n\t\t\t\t<section class=\"elementor-section elementor-inner-section elementor-element elementor-element-86e6c1b elementor-section-boxed elementor-section-height-default elementor-section-height-default\" data-id=\"86e6c1b\" data-element_type=\"section\">\n\t\t\t\t\t\t<div class=\"elementor-container elementor-column-gap-default\">\n\t\t\t\t\t<div class=\"elementor-column elementor-col-100 elementor-inner-column elementor-element elementor-element-c01272d\" data-id=\"c01272d\" data-element_type=\"column\">\n\t\t\t<div class=\"elementor-widget-wrap elementor-element-populated\">\n\t\t\t\t\t\t<div class=\"elementor-element elementor-element-a19c65c elementor-widget elementor-widget-image\" data-id=\"a19c65c\" data-element_type=\"widget\" data-widget_type=\"image.default\">\n\t\t\t\t<div class=\"elementor-widget-container\">\n\t\t\t\t\t\t\t\t\t\t\t\t\t\t\t<img fetchpriority=\"high\" decoding=\"async\" width=\"1300\" height=\"1300\" src=\"https:\/\/www.blog.herdadedamatinha.com\/b\/wp-content\/uploads\/2025\/04\/artesao-barro-alentejo-Copia-min.jpg\" class=\"attachment-full size-full wp-image-1355\" alt=\"artesao barro alentejo\" srcset=\"https:\/\/www.blog.herdadedamatinha.com\/b\/wp-content\/uploads\/2025\/04\/artesao-barro-alentejo-Copia-min.jpg 1300w, https:\/\/www.blog.herdadedamatinha.com\/b\/wp-content\/uploads\/2025\/04\/artesao-barro-alentejo-Copia-min-300x300.jpg 300w, https:\/\/www.blog.herdadedamatinha.com\/b\/wp-content\/uploads\/2025\/04\/artesao-barro-alentejo-Copia-min-1024x1024.jpg 1024w, https:\/\/www.blog.herdadedamatinha.com\/b\/wp-content\/uploads\/2025\/04\/artesao-barro-alentejo-Copia-min-150x150.jpg 150w, https:\/\/www.blog.herdadedamatinha.com\/b\/wp-content\/uploads\/2025\/04\/artesao-barro-alentejo-Copia-min-768x768.jpg 768w\" sizes=\"(max-width: 1300px) 100vw, 1300px\" \/>\t\t\t\t\t\t\t\t\t\t\t\t\t\t\t<\/div>\n\t\t\t\t<\/div>\n\t\t\t\t<div class=\"elementor-element elementor-element-0e3aa6d elementor-widget elementor-widget-text-editor\" data-id=\"0e3aa6d\" data-element_type=\"widget\" data-widget_type=\"text-editor.default\">\n\t\t\t\t<div class=\"elementor-widget-container\">\n\t\t\t\t\t\t\t\t\t<h5>Onde Encontrar o Verdadeiro Artesanato Local<\/h5><p class=\"\" data-start=\"2153\" data-end=\"2421\">Parte do encanto est\u00e1 tamb\u00e9m no ato de descobrir. O artesanato da Costa Vicentina n\u00e3o se encontra em grandes superf\u00edcies ou lojas apressadas. Encontra-se em pequenos ateli\u00eas, feiras sazonais, cooperativas locais e at\u00e9 em garagens que se abrem como tesouros escondidos.<\/p><ul data-start=\"2423\" data-end=\"3434\"><li class=\"\" data-start=\"2423\" data-end=\"2704\"><p class=\"\" data-start=\"2425\" data-end=\"2704\"><strong data-start=\"2425\" data-end=\"2436\">Odemira<\/strong>: Esta vila \u00e9 um dos centros mais ativos na promo\u00e7\u00e3o do artesanato regional. O mercado local e eventos como a &#8220;Feira das Atividades Culturais&#8221; s\u00e3o excelentes oportunidades para conhecer artes\u00e3os, ver as suas cria\u00e7\u00f5es ao vivo e ouvir as hist\u00f3rias por tr\u00e1s de cada pe\u00e7a.<\/p><\/li><li class=\"\" data-start=\"2706\" data-end=\"2925\"><p class=\"\" data-start=\"2708\" data-end=\"2925\"><strong data-start=\"2708\" data-end=\"2750\">Santiago do Cac\u00e9m e Cercal do Alentejo<\/strong>: Pequenas localidades com grandes tradi\u00e7\u00f5es na cestaria e na cer\u00e2mica. Aqui, \u00e9 poss\u00edvel encontrar artes\u00e3os que continuam a trabalhar como os seus av\u00f3s, com orgulho e mestria.<\/p><\/li><li class=\"\" data-start=\"2927\" data-end=\"3143\"><p class=\"\" data-start=\"2929\" data-end=\"3143\"><strong data-start=\"2929\" data-end=\"2940\">Aljezur<\/strong>: Conhecida pelas suas ra\u00edzes hist\u00f3ricas e pela liga\u00e7\u00e3o forte \u00e0 terra, Aljezur alberga v\u00e1rias lojinhas e espa\u00e7os cooperativos onde o artesanato vive lado a lado com a arte contempor\u00e2nea e o design local.<\/p><\/li><li class=\"\" data-start=\"3145\" data-end=\"3434\"><p class=\"\" data-start=\"3147\" data-end=\"3434\"><strong data-start=\"3147\" data-end=\"3186\">Feiras de ver\u00e3o e mercados sazonais<\/strong>: Durante os meses mais quentes, multiplicam-se os mercados ao ar livre, especialmente em zonas como Zambujeira do Mar, Porto Covo ou Vila Nova de Milfontes. \u00c9 nestes espa\u00e7os que muitos artes\u00e3os exp\u00f5em as suas pe\u00e7as com autenticidade e proximidade.<\/p><\/li><\/ul>\t\t\t\t\t\t\t\t<\/div>\n\t\t\t\t<\/div>\n\t\t\t\t<div class=\"elementor-element elementor-element-0236b09 elementor-widget elementor-widget-image\" data-id=\"0236b09\" data-element_type=\"widget\" data-widget_type=\"image.default\">\n\t\t\t\t<div class=\"elementor-widget-container\">\n\t\t\t\t\t\t\t\t\t\t\t\t\t\t\t<img decoding=\"async\" width=\"1300\" height=\"1300\" src=\"https:\/\/www.blog.herdadedamatinha.com\/b\/wp-content\/uploads\/2025\/04\/artesanato-na-costa-vicentina-Copia-min.jpg\" class=\"attachment-full size-full wp-image-1353\" alt=\"\" srcset=\"https:\/\/www.blog.herdadedamatinha.com\/b\/wp-content\/uploads\/2025\/04\/artesanato-na-costa-vicentina-Copia-min.jpg 1300w, https:\/\/www.blog.herdadedamatinha.com\/b\/wp-content\/uploads\/2025\/04\/artesanato-na-costa-vicentina-Copia-min-300x300.jpg 300w, https:\/\/www.blog.herdadedamatinha.com\/b\/wp-content\/uploads\/2025\/04\/artesanato-na-costa-vicentina-Copia-min-1024x1024.jpg 1024w, https:\/\/www.blog.herdadedamatinha.com\/b\/wp-content\/uploads\/2025\/04\/artesanato-na-costa-vicentina-Copia-min-150x150.jpg 150w, https:\/\/www.blog.herdadedamatinha.com\/b\/wp-content\/uploads\/2025\/04\/artesanato-na-costa-vicentina-Copia-min-768x768.jpg 768w\" sizes=\"(max-width: 1300px) 100vw, 1300px\" \/>\t\t\t\t\t\t\t\t\t\t\t\t\t\t\t<\/div>\n\t\t\t\t<\/div>\n\t\t\t\t<div class=\"elementor-element elementor-element-9f93f0f elementor-widget elementor-widget-text-editor\" data-id=\"9f93f0f\" data-element_type=\"widget\" data-widget_type=\"text-editor.default\">\n\t\t\t\t<div class=\"elementor-widget-container\">\n\t\t\t\t\t\t\t\t\t<h5>Mais do que um Objeto, uma Liga\u00e7\u00e3o<\/h5><p class=\"\" data-start=\"3480\" data-end=\"3796\">Trazer para casa uma pe\u00e7a de artesanato da Costa Vicentina \u00e9 levar consigo um peda\u00e7o do lugar. \u00c9 guardar o cheiro do campo, o som das ondas, o calor das m\u00e3os que moldaram aquele objecto. \u00c9 levar a mem\u00f3ria de uma conversa com um artes\u00e3o, de uma visita inesperada a um ateli\u00ea escondido no meio de uma aldeia tranquila.<\/p><p class=\"\" data-start=\"3798\" data-end=\"4073\">Num mundo cada vez mais r\u00e1pido e padronizado, o artesanato convida \u00e0 pausa. \u00c0 beleza da imperfei\u00e7\u00e3o. \u00c0 riqueza da tradi\u00e7\u00e3o. E na Costa Vicentina, essa tradi\u00e7\u00e3o continua viva \u2014 entrela\u00e7ada com o mar, com a terra e com o tempo \u2014 \u00e0 espera de ser descoberta com o cora\u00e7\u00e3o aberto.<\/p>\t\t\t\t\t\t\t\t<\/div>\n\t\t\t\t<\/div>\n\t\t\t\t\t<\/div>\n\t\t<\/div>\n\t\t\t\t\t<\/div>\n\t\t<\/section>\n\t\t\t\t\t<\/div>\n\t\t<\/div>\n\t\t\t\t\t<\/div>\n\t\t<\/section>\n\t\t\t\t<\/div>\n\t\t","protected":false},"excerpt":{"rendered":"<p>Na Costa Vicentina, onde a natureza dita o ritmo dos dias e o mar sussurra hist\u00f3rias antigas, a arte nasce das m\u00e3os de quem vive em sintonia com o lugar. O artesanato local \u00e9 reflexo dessa rela\u00e7\u00e3o profunda entre o ser humano e o territ\u00f3rio \u2014 uma heran\u00e7a que atravessa gera\u00e7\u00f5es, moldada com paci\u00eancia, saber [&hellip;]<\/p>\n","protected":false},"author":1,"featured_media":1344,"comment_status":"open","ping_status":"open","sticky":false,"template":"","format":"standard","meta":{"footnotes":""},"categories":[10],"tags":[],"class_list":["post-1343","post","type-post","status-publish","format-standard","has-post-thumbnail","hentry","category-o-que-visitar-por-perto"],"yoast_head":"<!-- This site is optimized with the Yoast SEO plugin v24.4 - https:\/\/yoast.com\/wordpress\/plugins\/seo\/ -->\n<title>O Artesanato Local da Costa Vicentina - Blogue Herdade da Matinha<\/title>\n<meta name=\"robots\" content=\"index, follow, max-snippet:-1, max-image-preview:large, max-video-preview:-1\" \/>\n<link rel=\"canonical\" href=\"https:\/\/www.blog.herdadedamatinha.com\/b\/arte-e-tradicao-o-artesanato-local-da-costa-vicentina-e-onde-encontra-lo\/\" \/>\n<meta property=\"og:locale\" content=\"pt_PT\" \/>\n<meta property=\"og:type\" content=\"article\" \/>\n<meta property=\"og:title\" content=\"O Artesanato Local da Costa Vicentina - Blogue Herdade da Matinha\" \/>\n<meta property=\"og:description\" content=\"Na Costa Vicentina, onde a natureza dita o ritmo dos dias e o mar sussurra hist\u00f3rias antigas, a arte nasce das m\u00e3os de quem vive em sintonia com o lugar. O artesanato local \u00e9 reflexo dessa rela\u00e7\u00e3o profunda entre o ser humano e o territ\u00f3rio \u2014 uma heran\u00e7a que atravessa gera\u00e7\u00f5es, moldada com paci\u00eancia, saber [&hellip;]\" \/>\n<meta property=\"og:url\" content=\"https:\/\/www.blog.herdadedamatinha.com\/b\/arte-e-tradicao-o-artesanato-local-da-costa-vicentina-e-onde-encontra-lo\/\" \/>\n<meta property=\"og:site_name\" content=\"Blogue Herdade da Matinha\" \/>\n<meta property=\"article:published_time\" content=\"2025-04-04T10:29:38+00:00\" \/>\n<meta property=\"article:modified_time\" content=\"2025-04-04T10:41:12+00:00\" \/>\n<meta property=\"og:image\" content=\"https:\/\/www.blog.herdadedamatinha.com\/b\/wp-content\/uploads\/2025\/04\/artesanato-no-alentejo-min.jpg\" \/>\n\t<meta property=\"og:image:width\" content=\"1400\" \/>\n\t<meta property=\"og:image:height\" content=\"1050\" \/>\n\t<meta property=\"og:image:type\" content=\"image\/jpeg\" \/>\n<meta name=\"author\" content=\"fred\" \/>\n<meta name=\"twitter:card\" content=\"summary_large_image\" \/>\n<meta name=\"twitter:label1\" content=\"Escrito por\" \/>\n\t<meta name=\"twitter:data1\" content=\"fred\" \/>\n\t<meta name=\"twitter:label2\" content=\"Tempo estimado de leitura\" \/>\n\t<meta name=\"twitter:data2\" content=\"4 minutos\" \/>\n<script type=\"application\/ld+json\" class=\"yoast-schema-graph\">{\"@context\":\"https:\/\/schema.org\",\"@graph\":[{\"@type\":\"WebPage\",\"@id\":\"https:\/\/www.blog.herdadedamatinha.com\/b\/arte-e-tradicao-o-artesanato-local-da-costa-vicentina-e-onde-encontra-lo\/\",\"url\":\"https:\/\/www.blog.herdadedamatinha.com\/b\/arte-e-tradicao-o-artesanato-local-da-costa-vicentina-e-onde-encontra-lo\/\",\"name\":\"O Artesanato Local da Costa Vicentina - Blogue Herdade da Matinha\",\"isPartOf\":{\"@id\":\"https:\/\/www.blog.herdadedamatinha.com\/b\/#website\"},\"primaryImageOfPage\":{\"@id\":\"https:\/\/www.blog.herdadedamatinha.com\/b\/arte-e-tradicao-o-artesanato-local-da-costa-vicentina-e-onde-encontra-lo\/#primaryimage\"},\"image\":{\"@id\":\"https:\/\/www.blog.herdadedamatinha.com\/b\/arte-e-tradicao-o-artesanato-local-da-costa-vicentina-e-onde-encontra-lo\/#primaryimage\"},\"thumbnailUrl\":\"https:\/\/www.blog.herdadedamatinha.com\/b\/wp-content\/uploads\/2025\/04\/artesanato-no-alentejo-min.jpg\",\"datePublished\":\"2025-04-04T10:29:38+00:00\",\"dateModified\":\"2025-04-04T10:41:12+00:00\",\"author\":{\"@id\":\"https:\/\/www.blog.herdadedamatinha.com\/b\/#\/schema\/person\/43c3ec6ce1f6c48b5153495f401caf79\"},\"breadcrumb\":{\"@id\":\"https:\/\/www.blog.herdadedamatinha.com\/b\/arte-e-tradicao-o-artesanato-local-da-costa-vicentina-e-onde-encontra-lo\/#breadcrumb\"},\"inLanguage\":\"pt-PT\",\"potentialAction\":[{\"@type\":\"ReadAction\",\"target\":[\"https:\/\/www.blog.herdadedamatinha.com\/b\/arte-e-tradicao-o-artesanato-local-da-costa-vicentina-e-onde-encontra-lo\/\"]}]},{\"@type\":\"ImageObject\",\"inLanguage\":\"pt-PT\",\"@id\":\"https:\/\/www.blog.herdadedamatinha.com\/b\/arte-e-tradicao-o-artesanato-local-da-costa-vicentina-e-onde-encontra-lo\/#primaryimage\",\"url\":\"https:\/\/www.blog.herdadedamatinha.com\/b\/wp-content\/uploads\/2025\/04\/artesanato-no-alentejo-min.jpg\",\"contentUrl\":\"https:\/\/www.blog.herdadedamatinha.com\/b\/wp-content\/uploads\/2025\/04\/artesanato-no-alentejo-min.jpg\",\"width\":1400,\"height\":1050},{\"@type\":\"BreadcrumbList\",\"@id\":\"https:\/\/www.blog.herdadedamatinha.com\/b\/arte-e-tradicao-o-artesanato-local-da-costa-vicentina-e-onde-encontra-lo\/#breadcrumb\",\"itemListElement\":[{\"@type\":\"ListItem\",\"position\":1,\"name\":\"In\u00edcio\",\"item\":\"https:\/\/www.blog.herdadedamatinha.com\/b\/\"},{\"@type\":\"ListItem\",\"position\":2,\"name\":\"Arte e Tradi\u00e7\u00e3o: O Artesanato Local da Costa Vicentina e Onde Encontr\u00e1-lo\"}]},{\"@type\":\"WebSite\",\"@id\":\"https:\/\/www.blog.herdadedamatinha.com\/b\/#website\",\"url\":\"https:\/\/www.blog.herdadedamatinha.com\/b\/\",\"name\":\"Blogue Herdade da Matinha\",\"description\":\"Descubra a Costa Alentejana\",\"potentialAction\":[{\"@type\":\"SearchAction\",\"target\":{\"@type\":\"EntryPoint\",\"urlTemplate\":\"https:\/\/www.blog.herdadedamatinha.com\/b\/?s={search_term_string}\"},\"query-input\":{\"@type\":\"PropertyValueSpecification\",\"valueRequired\":true,\"valueName\":\"search_term_string\"}}],\"inLanguage\":\"pt-PT\"},{\"@type\":\"Person\",\"@id\":\"https:\/\/www.blog.herdadedamatinha.com\/b\/#\/schema\/person\/43c3ec6ce1f6c48b5153495f401caf79\",\"name\":\"fred\",\"image\":{\"@type\":\"ImageObject\",\"inLanguage\":\"pt-PT\",\"@id\":\"https:\/\/www.blog.herdadedamatinha.com\/b\/#\/schema\/person\/image\/\",\"url\":\"https:\/\/secure.gravatar.com\/avatar\/4d06ef453e73cf5edddcbb6bf454d99bfa7bf71e9b247f61a2aa7ff6e52f4f5a?s=96&d=mm&r=g\",\"contentUrl\":\"https:\/\/secure.gravatar.com\/avatar\/4d06ef453e73cf5edddcbb6bf454d99bfa7bf71e9b247f61a2aa7ff6e52f4f5a?s=96&d=mm&r=g\",\"caption\":\"fred\"},\"sameAs\":[\"https:\/\/www.blog.herdadedamatinha.com\/b\"],\"url\":\"https:\/\/www.blog.herdadedamatinha.com\/b\/author\/fred\/\"}]}<\/script>\n<!-- \/ Yoast SEO plugin. -->","yoast_head_json":{"title":"O Artesanato Local da Costa Vicentina - Blogue Herdade da Matinha","robots":{"index":"index","follow":"follow","max-snippet":"max-snippet:-1","max-image-preview":"max-image-preview:large","max-video-preview":"max-video-preview:-1"},"canonical":"https:\/\/www.blog.herdadedamatinha.com\/b\/arte-e-tradicao-o-artesanato-local-da-costa-vicentina-e-onde-encontra-lo\/","og_locale":"pt_PT","og_type":"article","og_title":"O Artesanato Local da Costa Vicentina - Blogue Herdade da Matinha","og_description":"Na Costa Vicentina, onde a natureza dita o ritmo dos dias e o mar sussurra hist\u00f3rias antigas, a arte nasce das m\u00e3os de quem vive em sintonia com o lugar. O artesanato local \u00e9 reflexo dessa rela\u00e7\u00e3o profunda entre o ser humano e o territ\u00f3rio \u2014 uma heran\u00e7a que atravessa gera\u00e7\u00f5es, moldada com paci\u00eancia, saber [&hellip;]","og_url":"https:\/\/www.blog.herdadedamatinha.com\/b\/arte-e-tradicao-o-artesanato-local-da-costa-vicentina-e-onde-encontra-lo\/","og_site_name":"Blogue Herdade da Matinha","article_published_time":"2025-04-04T10:29:38+00:00","article_modified_time":"2025-04-04T10:41:12+00:00","og_image":[{"width":1400,"height":1050,"url":"https:\/\/www.blog.herdadedamatinha.com\/b\/wp-content\/uploads\/2025\/04\/artesanato-no-alentejo-min.jpg","type":"image\/jpeg"}],"author":"fred","twitter_card":"summary_large_image","twitter_misc":{"Escrito por":"fred","Tempo estimado de leitura":"4 minutos"},"schema":{"@context":"https:\/\/schema.org","@graph":[{"@type":"WebPage","@id":"https:\/\/www.blog.herdadedamatinha.com\/b\/arte-e-tradicao-o-artesanato-local-da-costa-vicentina-e-onde-encontra-lo\/","url":"https:\/\/www.blog.herdadedamatinha.com\/b\/arte-e-tradicao-o-artesanato-local-da-costa-vicentina-e-onde-encontra-lo\/","name":"O Artesanato Local da Costa Vicentina - Blogue Herdade da Matinha","isPartOf":{"@id":"https:\/\/www.blog.herdadedamatinha.com\/b\/#website"},"primaryImageOfPage":{"@id":"https:\/\/www.blog.herdadedamatinha.com\/b\/arte-e-tradicao-o-artesanato-local-da-costa-vicentina-e-onde-encontra-lo\/#primaryimage"},"image":{"@id":"https:\/\/www.blog.herdadedamatinha.com\/b\/arte-e-tradicao-o-artesanato-local-da-costa-vicentina-e-onde-encontra-lo\/#primaryimage"},"thumbnailUrl":"https:\/\/www.blog.herdadedamatinha.com\/b\/wp-content\/uploads\/2025\/04\/artesanato-no-alentejo-min.jpg","datePublished":"2025-04-04T10:29:38+00:00","dateModified":"2025-04-04T10:41:12+00:00","author":{"@id":"https:\/\/www.blog.herdadedamatinha.com\/b\/#\/schema\/person\/43c3ec6ce1f6c48b5153495f401caf79"},"breadcrumb":{"@id":"https:\/\/www.blog.herdadedamatinha.com\/b\/arte-e-tradicao-o-artesanato-local-da-costa-vicentina-e-onde-encontra-lo\/#breadcrumb"},"inLanguage":"pt-PT","potentialAction":[{"@type":"ReadAction","target":["https:\/\/www.blog.herdadedamatinha.com\/b\/arte-e-tradicao-o-artesanato-local-da-costa-vicentina-e-onde-encontra-lo\/"]}]},{"@type":"ImageObject","inLanguage":"pt-PT","@id":"https:\/\/www.blog.herdadedamatinha.com\/b\/arte-e-tradicao-o-artesanato-local-da-costa-vicentina-e-onde-encontra-lo\/#primaryimage","url":"https:\/\/www.blog.herdadedamatinha.com\/b\/wp-content\/uploads\/2025\/04\/artesanato-no-alentejo-min.jpg","contentUrl":"https:\/\/www.blog.herdadedamatinha.com\/b\/wp-content\/uploads\/2025\/04\/artesanato-no-alentejo-min.jpg","width":1400,"height":1050},{"@type":"BreadcrumbList","@id":"https:\/\/www.blog.herdadedamatinha.com\/b\/arte-e-tradicao-o-artesanato-local-da-costa-vicentina-e-onde-encontra-lo\/#breadcrumb","itemListElement":[{"@type":"ListItem","position":1,"name":"In\u00edcio","item":"https:\/\/www.blog.herdadedamatinha.com\/b\/"},{"@type":"ListItem","position":2,"name":"Arte e Tradi\u00e7\u00e3o: O Artesanato Local da Costa Vicentina e Onde Encontr\u00e1-lo"}]},{"@type":"WebSite","@id":"https:\/\/www.blog.herdadedamatinha.com\/b\/#website","url":"https:\/\/www.blog.herdadedamatinha.com\/b\/","name":"Blogue Herdade da Matinha","description":"Descubra a Costa Alentejana","potentialAction":[{"@type":"SearchAction","target":{"@type":"EntryPoint","urlTemplate":"https:\/\/www.blog.herdadedamatinha.com\/b\/?s={search_term_string}"},"query-input":{"@type":"PropertyValueSpecification","valueRequired":true,"valueName":"search_term_string"}}],"inLanguage":"pt-PT"},{"@type":"Person","@id":"https:\/\/www.blog.herdadedamatinha.com\/b\/#\/schema\/person\/43c3ec6ce1f6c48b5153495f401caf79","name":"fred","image":{"@type":"ImageObject","inLanguage":"pt-PT","@id":"https:\/\/www.blog.herdadedamatinha.com\/b\/#\/schema\/person\/image\/","url":"https:\/\/secure.gravatar.com\/avatar\/4d06ef453e73cf5edddcbb6bf454d99bfa7bf71e9b247f61a2aa7ff6e52f4f5a?s=96&d=mm&r=g","contentUrl":"https:\/\/secure.gravatar.com\/avatar\/4d06ef453e73cf5edddcbb6bf454d99bfa7bf71e9b247f61a2aa7ff6e52f4f5a?s=96&d=mm&r=g","caption":"fred"},"sameAs":["https:\/\/www.blog.herdadedamatinha.com\/b"],"url":"https:\/\/www.blog.herdadedamatinha.com\/b\/author\/fred\/"}]}},"_links":{"self":[{"href":"https:\/\/www.blog.herdadedamatinha.com\/b\/wp-json\/wp\/v2\/posts\/1343","targetHints":{"allow":["GET"]}}],"collection":[{"href":"https:\/\/www.blog.herdadedamatinha.com\/b\/wp-json\/wp\/v2\/posts"}],"about":[{"href":"https:\/\/www.blog.herdadedamatinha.com\/b\/wp-json\/wp\/v2\/types\/post"}],"author":[{"embeddable":true,"href":"https:\/\/www.blog.herdadedamatinha.com\/b\/wp-json\/wp\/v2\/users\/1"}],"replies":[{"embeddable":true,"href":"https:\/\/www.blog.herdadedamatinha.com\/b\/wp-json\/wp\/v2\/comments?post=1343"}],"version-history":[{"count":4,"href":"https:\/\/www.blog.herdadedamatinha.com\/b\/wp-json\/wp\/v2\/posts\/1343\/revisions"}],"predecessor-version":[{"id":1359,"href":"https:\/\/www.blog.herdadedamatinha.com\/b\/wp-json\/wp\/v2\/posts\/1343\/revisions\/1359"}],"wp:featuredmedia":[{"embeddable":true,"href":"https:\/\/www.blog.herdadedamatinha.com\/b\/wp-json\/wp\/v2\/media\/1344"}],"wp:attachment":[{"href":"https:\/\/www.blog.herdadedamatinha.com\/b\/wp-json\/wp\/v2\/media?parent=1343"}],"wp:term":[{"taxonomy":"category","embeddable":true,"href":"https:\/\/www.blog.herdadedamatinha.com\/b\/wp-json\/wp\/v2\/categories?post=1343"},{"taxonomy":"post_tag","embeddable":true,"href":"https:\/\/www.blog.herdadedamatinha.com\/b\/wp-json\/wp\/v2\/tags?post=1343"}],"curies":[{"name":"wp","href":"https:\/\/api.w.org\/{rel}","templated":true}]}}